{"id":10213,"date":"2025-03-26T13:25:51","date_gmt":"2025-03-26T10:25:51","guid":{"rendered":"https:\/\/www.fikrialem.com.tr\/gazete-ilanlari\/"},"modified":"2025-03-26T16:00:13","modified_gmt":"2025-03-26T13:00:13","slug":"gazete-ilanlari","status":"publish","type":"post","link":"https:\/\/www.fikrialem.com.tr\/tr\/gazete-ilanlari\/","title":{"rendered":"GAZETE \u0130LANLARI"},"content":{"rendered":"<section class=\"l-section wpb_row height_small\"><div class=\"l-section-h i-cf\"><div class=\"g-cols vc_row via_grid cols_2 laptops-cols_inherit tablets-cols_inherit mobiles-cols_1 valign_middle type_default stacking_default\"><div class=\"wpb_column vc_column_container\"><div class=\"vc_column-inner\"><div class=\"wpb_text_column\"><div class=\"wpb_wrapper\"><h2 style=\"text-align: right;\">GAZETE \u0130LANI<br \/>NASIL VER\u0130L\u0130R?<\/h2>\n<\/div><\/div><div class=\"w-separator size_small\"><\/div><div class=\"wpb_text_column\"><div class=\"wpb_wrapper\"><p style=\"text-align: right;\">Gazetelere farkl\u0131 t\u00fcrlerde ilanlar verilmektedir. Reklam ama\u00e7l\u0131 ticari ilanlar, vefat ve ba\u015fsa\u011fl\u0131\u011f\u0131 ilanlar\u0131, anma ilanlar\u0131, kay\u0131p ilanlar\u0131, insan kaynaklar\u0131 ilanlar\u0131, duyuru ilanlar\u0131 bunlar\u0131n ba\u015f\u0131nda gelmektedir. Belediyeler, \u00dcniversiteler, Kamu Kurumlar\u0131 gibi baz\u0131 kurumlar\u0131n ilanlar\u0131 Bas\u0131n \u0130lan Kurumu (B\u0130K) kurallar\u0131na tabi olup burada \u00f6zel bir s\u00fcre\u00e7 y\u00fcr\u00fct\u00fclmektedir.<\/p>\n<\/div><\/div><div class=\"w-separator size_small\"><\/div><div class=\"wpb_text_column\"><div class=\"wpb_wrapper\"><h3 style=\"text-align: right;\"><strong>HANG\u0130 GAZETELERE \u0130LAN VEREB\u0130L\u0130R\u0130M?<\/strong><\/h3>\n<\/div><\/div><div class=\"wpb_text_column\"><div class=\"wpb_wrapper\"><p style=\"text-align: right;\">T\u00fcrkiye\u2019de yay\u0131n yapan t\u00fcm gazetelere ilan verilebilmektedir. Ancak ilan vermek i\u00e7in \u00f6zellikle ulusal yay\u0131n yapan H\u00fcrriyet, S\u00f6zc\u00fc, T\u00fcrkg\u00fcn, Sabah, Posta gibi gazetelere ilan verilmektedir.<\/p>\n<\/div><\/div><\/div><\/div><div class=\"wpb_column vc_column_container stretched\"><div class=\"vc_column-inner\"><div class=\"w-hwrapper valign_middle align_left\"><div class=\"w-image us_custom_67cbf81f align_none\"><div class=\"w-image-h\"><img decoding=\"async\" width=\"623\" height=\"411\" src=\"https:\/\/www.fikrialem.com.tr\/wp-content\/uploads\/2025\/03\/gazete-img-01.jpg\" class=\"attachment-full size-full\" alt=\"\" loading=\"lazy\" srcset=\"https:\/\/www.fikrialem.com.tr\/wp-content\/uploads\/2025\/03\/gazete-img-01.jpg 623w, https:\/\/www.fikrialem.com.tr\/wp-content\/uploads\/2025\/03\/gazete-img-01-300x198.jpg 300w\" sizes=\"auto, (max-width: 623px) 100vw, 623px\" \/><\/div><\/div><\/div><\/div><\/div><\/div><\/div><\/section><section class=\"l-section wpb_row height_small\"><div class=\"l-section-h i-cf\"><div class=\"g-cols vc_row via_grid cols_2 laptops-cols_inherit tablets-cols_inherit mobiles-cols_1 valign_middle type_default stacking_default\"><div class=\"wpb_column vc_column_container stretched\"><div class=\"vc_column-overlay\" style=\"background:#302DA0\"><\/div><div class=\"vc_column-inner\"><div class=\"w-hwrapper valign_middle align_right\"><div class=\"w-image us_custom_67cbf81f align_right\"><div class=\"w-image-h\"><img decoding=\"async\" width=\"623\" height=\"411\" src=\"https:\/\/www.fikrialem.com.tr\/wp-content\/uploads\/2025\/03\/gazete-img-02.jpg\" class=\"attachment-full size-full\" alt=\"\" loading=\"lazy\" srcset=\"https:\/\/www.fikrialem.com.tr\/wp-content\/uploads\/2025\/03\/gazete-img-02.jpg 623w, https:\/\/www.fikrialem.com.tr\/wp-content\/uploads\/2025\/03\/gazete-img-02-300x198.jpg 300w\" sizes=\"auto, (max-width: 623px) 100vw, 623px\" \/><\/div><\/div><\/div><\/div><\/div><div class=\"wpb_column vc_column_container\"><div class=\"vc_column-inner\"><div class=\"wpb_text_column us_custom_29b71273 has_text_color\"><div class=\"wpb_wrapper\"><h2>GAZETE VEFAT \u0130LANI NED\u0130R?<\/h2>\n<p>Vefat ilan\u0131, bir ki\u015finin hayat\u0131n\u0131 kaybetti\u011fini duyurmak amac\u0131yla yay\u0131mlanan \u00f6zel bir duyurudur. Genellikle aile bireyleri, yak\u0131n arkada\u015flar veya i\u015f yerleri taraf\u0131ndan verilen bu ilanlar, cenaze bilgilerini ve merhumun k\u0131sa bir biyografisini i\u00e7erir.<\/p>\n<h2>GAZETE BA\u015eSA\u011eLI\u011eI \u0130LANI NED\u0130R?<\/h2>\n<p>Ba\u015fsa\u011fl\u0131\u011f\u0131 ilan\u0131, vefat eden ki\u015finin yak\u0131nlar\u0131na taziye dileklerini iletmek amac\u0131yla yay\u0131mlanan ilanlard\u0131r. Genellikle \u015firketler, dernekler, kurumlar veya aile dostlar\u0131 taraf\u0131ndan yay\u0131mlan\u0131r.<\/p>\n<h2>GAZETE ANMA \u0130LANI NED\u0130R?<\/h2>\n<p>Anma ilanlar\u0131, kaybedilen ki\u015finin \u00f6l\u00fcm y\u0131ld\u00f6n\u00fcm\u00fcnde yay\u0131mlanarak, onun hat\u0131ras\u0131n\u0131 ya\u015fatmaya y\u00f6nelik \u00f6zel metinler i\u00e7erir. Bu ilanlar genellikle duygu y\u00fckl\u00fc mesajlar ve hat\u0131rlat\u0131c\u0131 g\u00f6rsellerle desteklenir.<\/p>\n<\/div><\/div><\/div><\/div><\/div><\/div><\/section><section class=\"l-section wpb_row height_small\"><div class=\"l-section-h i-cf\"><div class=\"g-cols vc_row via_grid cols_2 laptops-cols_inherit tablets-cols_inherit mobiles-cols_1 valign_middle type_default stacking_default\"><div class=\"wpb_column vc_column_container\"><div class=\"vc_column-inner\"><div class=\"wpb_text_column\"><div class=\"wpb_wrapper\"><h2 style=\"text-align: right;\">GAZETE S\u00dcTUN \/ SANT\u0130M \u00d6L\u00c7\u00dcLER\u0130 NED\u0130R?<\/h2>\n<p style=\"text-align: right;\">Gazetelerin S\u00fctun \/ santim (st\/cm) \u00f6l\u00e7\u00fcleri genellikle birbiriyle ayn\u0131 olup tam sayfa \u00f6l\u00e7\u00fcs\u00fc 9 s\u00fctunx52,5 cm yani 32,4&#215;52,5 cm\u2019dir. \u0130lanlar\u0131 tasarlarken en k\u0131sm\u0131n\u0131 standart s\u00fctun \u00f6l\u00e7\u00fclerine g\u00f6re vermek zorunda olup, y\u00fcksekli\u011fi diledi\u011finiz gibi ayarlayabilirsiniz.<\/p>\n<h2 style=\"text-align: right;\">GAZETE REKLAMI NED\u0130R?<br \/>GAZETEYE REKLAM VERMEK NE DEMEKT\u0130R?<\/h2>\n<p style=\"text-align: right;\">H\u00fcrriyet, Sabah, T\u00fcrkg\u00fcn, Posta gibi bir\u00e7ok gazeteye ticari ama\u00e7l\u0131 reklam yani gazete reklam\u0131 verebilirsiniz. Gazete reklamlar\u0131 i\u00e7in belirli \u00f6l\u00e7\u00fcler vard\u0131r bu \u00f6l\u00e7\u00fclere uygun olak ilan tasar\u0131m\u0131 yap\u0131l\u0131r. Ayr\u0131ca gazetelerde \u00f6zel projeler de yap\u0131labilir.<\/p>\n<h2 style=\"text-align: right;\">GAZETE \u0130LAN \u00dcCRETLER\u0130 NE KADAR?<\/h2>\n<p style=\"text-align: right;\">Gazete ilan \u00fccretleri yay\u0131nlanacak gazeteye, yay\u0131nlanacak ilan\u0131n \u00f6l\u00e7\u00fcs\u00fcne, renkli veya siyah beyaz olmas\u0131na, yay\u0131nlanaca\u011f\u0131 sayfaya ve yay\u0131n g\u00fcn\u00fcne g\u00f6re farkl\u0131l\u0131klar g\u00f6stermektedir. Gazete ilan \u00fccretlerini yetkili reklam ajanslar\u0131ndan \u00f6\u011frenebilirsiniz.<\/p>\n<\/div><\/div><\/div><\/div><div class=\"wpb_column vc_column_container us_custom_af555be4 stretched\"><div class=\"vc_column-overlay\" style=\"background:#F7F7F7\"><\/div><div class=\"vc_column-inner\"><div class=\"wpb_text_column\"><div class=\"wpb_wrapper\"><h2>GAZETE S\u00dcTUN \/ SANT\u0130M \u00d6L\u00c7\u00dcLER\u0130 NED\u0130R?<\/h2>\n<\/div><\/div><div class=\"w-separator size_small\"><\/div><div class=\"w-hwrapper valign_middle align_left\"><div class=\"wpb_text_column\"><div class=\"wpb_wrapper\"><table>\n<thead>\n<tr>\n<th>S\u00fctun (ilan\u0131n en \u00f6l\u00e7\u00fcs\u00fc)<\/th>\n<th>CM Kar\u015f\u0131l\u0131\u011f\u0131<\/th>\n<\/tr>\n<\/thead>\n<tbody>\n<tr>\n<td>1 S\u00fctun<\/td>\n<td>3,3 cm<\/td>\n<\/tr>\n<tr>\n<td>2 S\u00fctun<\/td>\n<td>6,9 cm<\/td>\n<\/tr>\n<tr>\n<td>3 S\u00fctun<\/td>\n<td>10,6 cm<\/td>\n<\/tr>\n<tr>\n<td>4 S\u00fctun<\/td>\n<td>14,2 cm<\/td>\n<\/tr>\n<tr>\n<td>5 S\u00fctun<\/td>\n<td>17,9 cm<\/td>\n<\/tr>\n<tr>\n<td>6 S\u00fctun<\/td>\n<td>21,5 cm<\/td>\n<\/tr>\n<tr>\n<td>7 S\u00fctun<\/td>\n<td>25,1 cm<\/td>\n<\/tr>\n<tr>\n<td>8 S\u00fctun<\/td>\n<td>28.8 cm<\/td>\n<\/tr>\n<tr>\n<td>9 S\u00fctun<\/td>\n<td>32,4 cm<\/td>\n<\/tr>\n<\/tbody>\n<\/table>\n<\/div><\/div><\/div><\/div><\/div><\/div><\/div><\/section><section class=\"l-section wpb_row height_small\"><div class=\"l-section-overlay\" style=\"background:#302DA0\"><\/div><div class=\"l-section-h i-cf\"><div class=\"g-cols vc_row via_grid cols_2 laptops-cols_inherit tablets-cols_inherit mobiles-cols_1 valign_middle type_default stacking_default\"><div class=\"wpb_column vc_column_container stretched\"><div class=\"vc_column-inner\"><div class=\"w-hwrapper valign_middle align_right\"><div class=\"w-image us_custom_67cbf81f align_right\"><div class=\"w-image-h\"><img decoding=\"async\" width=\"623\" height=\"411\" src=\"https:\/\/www.fikrialem.com.tr\/wp-content\/uploads\/2025\/03\/gazete-img-08.png\" class=\"attachment-full size-full\" alt=\"\" loading=\"lazy\" srcset=\"https:\/\/www.fikrialem.com.tr\/wp-content\/uploads\/2025\/03\/gazete-img-08.png 623w, https:\/\/www.fikrialem.com.tr\/wp-content\/uploads\/2025\/03\/gazete-img-08-300x198.png 300w\" sizes=\"auto, (max-width: 623px) 100vw, 623px\" \/><\/div><\/div><\/div><\/div><\/div><div class=\"wpb_column vc_column_container\"><div class=\"vc_column-inner\"><div class=\"wpb_text_column us_custom_6df4bc3a has_text_color\"><div class=\"wpb_wrapper\"><h2><strong>GAZETE \u0130NTERNET S\u0130TELER\u0130NE NASIL REKLAM VEREB\u0130L\u0130R\u0130M?<\/strong><\/h2>\n<p>Gazetelerin internet sitelerinde \u00e7ok \u00e7e\u015fitli reklam modelleri vard\u0131r. Bunlardan en \u00e7ok bilinenleri Masthead reklam, Banner reklam, Page skin reklam modeli, Advertorial reklam, Native reklam, Video reklam, Dizi aras\u0131 reklamlar, Sayfa giydirme reklamlar\u0131d\u0131r. T\u00fcrkiye\u2019de en \u00e7ok reklam verilen sitelerin ba\u015f\u0131nda H\u00fcrriyet, Milliyet, Mynet, Sahibinden, T\u00fcrkg\u00fcn, Posta, Habert\u00fcrk, S\u00f6zc\u00fc, Fanatik gibi web siteleri en ba\u015fta gelmektedir.<\/p>\n<\/div><\/div><div class=\"w-separator size_small\"><\/div><div class=\"wpb_text_column us_custom_72452761 has_text_color\"><div class=\"wpb_wrapper\"><h2><strong>SAH\u0130B\u0130NDEN.COM \u0130NTERNET S\u0130TES\u0130NE NASIL REKLAM VEREB\u0130L\u0130R\u0130M?<\/strong><\/h2>\n<p>Sahibinden.com T\u00fcrkiye\u2019nin en \u00e7ok ziyaret edilen web sitelerinden biridir. Kendi alan\u0131nda lider bir web sitesidir. Sat\u0131l\u0131k veya Kiral\u0131k kategorilerinde ilan verebilirsiniz. Konut, otomobil, ikinci el e\u015fya, arsa ve bir\u00e7ok kategoride ilan verilebilmektedir.<\/p>\n<\/div><\/div><\/div><\/div><\/div><\/div><\/section><section class=\"l-section wpb_row height_small\"><div class=\"l-section-h i-cf\"><div class=\"g-cols vc_row via_grid cols_2 laptops-cols_inherit tablets-cols_inherit mobiles-cols_1 valign_middle type_default stacking_default\"><div class=\"wpb_column vc_column_container\"><div class=\"vc_column-inner\"><div class=\"wpb_text_column\"><div class=\"wpb_wrapper\"><h2 style=\"text-align: right;\">GAZETEYE NASIL \u0130LAN VEREB\u0130L\u0130R\u0130M?<\/h2>\n<p style=\"text-align: right;\">H\u00fcrriyet, Sabah, T\u00fcrkg\u00fcn, Posta gibi bir\u00e7ok gazeteye ticari ama\u00e7l\u0131 reklam yani gazete reklam\u0131 verebilirsiniz. Gazete reklamlar\u0131 i\u00e7in belirli \u00f6l\u00e7\u00fcler vard\u0131r. Bu \u00f6l\u00e7\u00fclere uygun olak ilan tasar\u0131m\u0131 yap\u0131l\u0131r. Ayr\u0131ca gazetelerde \u00f6zel projeler de yap\u0131labilir.<\/p>\n<h2 style=\"text-align: right;\">Gazete Se\u00e7imi:<\/h2>\n<p style=\"text-align: right;\">Hangi gazetede ilan yay\u0131mlamak istedi\u011finize karar verin.<\/p>\n<h2 style=\"text-align: right;\">\u0130lan T\u00fcr\u00fcn\u00fc Belirleyin:<\/h2>\n<p style=\"text-align: right;\">Vefat, ba\u015fsa\u011fl\u0131\u011f\u0131 veya anma ilan\u0131 t\u00fcrlerinden hangisini yay\u0131mlayaca\u011f\u0131n\u0131z\u0131 belirleyin.<\/p>\n<\/div><\/div><\/div><\/div><div class=\"wpb_column vc_column_container stretched\"><div class=\"vc_column-overlay\" style=\"background:#F7F7F7\"><\/div><div class=\"vc_column-inner\"><div class=\"w-hwrapper valign_middle align_left\"><div class=\"w-image us_custom_67cbf81f align_right\"><div class=\"w-image-h\"><img decoding=\"async\" width=\"623\" height=\"411\" src=\"https:\/\/www.fikrialem.com.tr\/wp-content\/uploads\/2025\/03\/gazete-img-06.jpg\" class=\"attachment-full size-full\" alt=\"\" loading=\"lazy\" srcset=\"https:\/\/www.fikrialem.com.tr\/wp-content\/uploads\/2025\/03\/gazete-img-06.jpg 623w, https:\/\/www.fikrialem.com.tr\/wp-content\/uploads\/2025\/03\/gazete-img-06-300x198.jpg 300w\" sizes=\"auto, (max-width: 623px) 100vw, 623px\" \/><\/div><\/div><\/div><\/div><\/div><\/div><\/div><\/section><section class=\"l-section wpb_row height_custom\"><div class=\"l-section-h i-cf\"><div class=\"g-cols vc_row via_grid cols_1 laptops-cols_inherit tablets-cols_inherit mobiles-cols_1 valign_top type_default stacking_default\"><div class=\"wpb_column vc_column_container\"><div class=\"vc_column-inner\"><div class=\"wpb_text_column\"><div class=\"wpb_wrapper\"><h2 style=\"text-align: center;\">\u0130LAN VERMEK \u0130\u00c7\u0130N HEMEN B\u0130Z\u0130MLE \u0130LET\u0130\u015e\u0130ME GE\u00c7\u0130N<\/h2>\n<p style=\"text-align: center;\">Vefat, ba\u015fsa\u011fl\u0131\u011f\u0131, anma veya ticari yani reklam ama\u00e7l\u0131 ilanlar\u0131n\u0131z\u0131 profesyonelce haz\u0131rlamak ve yay\u0131nlamak i\u00e7in bizimle ileti\u015fime ge\u00e7ebilirsiniz. \u0130lan\u0131n\u0131z h\u0131zl\u0131 ve kolay bir \u015fekilde haz\u0131rlan\u0131r, en uygun format ve ilan metni belirlenip yay\u0131na g\u00f6nderilir. Ayr\u0131ca yine internet ortam\u0131nda yay\u0131nlanacak reklamlar\u0131n\u0131z i\u00e7in de bizi arayabilirsiniz.<\/p>\n<p style=\"text-align: center;\"><strong>Telefon<\/strong> : \u00a0<a href=\"tel:0312 466 20 10\">0312 466 20 10<\/a><br \/>\n<strong>GSM<\/strong> : \u00a0<a href=\"tel:0535 019 39 85\">0535 019 39 85<\/a><br \/>\n<strong>Mail<\/strong>: <a href=\"mailto:info@fikrialem.com.tr\">info@fikrialem.com.tr<\/a><\/p>\n<\/div><\/div><\/div><\/div><\/div><\/div><\/section>\n","protected":false},"excerpt":{"rendered":"<p>Gazetelere farkl\u0131 t\u00fcrlerde ilanlar verilmektedir. Reklam ama\u00e7l\u0131 ticari ilanlar, vefat ve ba\u015fsa\u011fl\u0131\u011f\u0131 ilanlar\u0131, anma ilanlar\u0131, kay\u0131p ilanlar\u0131, insan kaynaklar\u0131 ilanlar\u0131, duyuru ilanlar\u0131 bunlar\u0131n ba\u015f\u0131nda gelmektedir. Belediyeler, \u00dcniversiteler, Kamu Kurumlar\u0131 gibi baz\u0131 kurumlar\u0131n ilanlar\u0131 Bas\u0131n \u0130lan Kurumu (B\u0130K) kurallar\u0131na tabi olup burada \u00f6zel bir s\u00fcre\u00e7 y\u00fcr\u00fct\u00fclmektedir.<\/p>\n","protected":false},"author":1,"featured_media":10252,"comment_status":"closed","ping_status":"closed","sticky":false,"template":"","format":"standard","meta":{"_acf_changed":false,"footnotes":""},"categories":[1],"tags":[],"class_list":["post-10213","post","type-post","status-publish","format-standard","has-post-thumbnail","hentry","category-genel"],"acf":[],"_links":{"self":[{"href":"https:\/\/www.fikrialem.com.tr\/tr\/wp-json\/wp\/v2\/posts\/10213","targetHints":{"allow":["GET"]}}],"collection":[{"href":"https:\/\/www.fikrialem.com.tr\/tr\/wp-json\/wp\/v2\/posts"}],"about":[{"href":"https:\/\/www.fikrialem.com.tr\/tr\/wp-json\/wp\/v2\/types\/post"}],"author":[{"embeddable":true,"href":"https:\/\/www.fikrialem.com.tr\/tr\/wp-json\/wp\/v2\/users\/1"}],"replies":[{"embeddable":true,"href":"https:\/\/www.fikrialem.com.tr\/tr\/wp-json\/wp\/v2\/comments?post=10213"}],"version-history":[{"count":5,"href":"https:\/\/www.fikrialem.com.tr\/tr\/wp-json\/wp\/v2\/posts\/10213\/revisions"}],"predecessor-version":[{"id":10224,"href":"https:\/\/www.fikrialem.com.tr\/tr\/wp-json\/wp\/v2\/posts\/10213\/revisions\/10224"}],"wp:featuredmedia":[{"embeddable":true,"href":"https:\/\/www.fikrialem.com.tr\/tr\/wp-json\/wp\/v2\/media\/10252"}],"wp:attachment":[{"href":"https:\/\/www.fikrialem.com.tr\/tr\/wp-json\/wp\/v2\/media?parent=10213"}],"wp:term":[{"taxonomy":"category","embeddable":true,"href":"https:\/\/www.fikrialem.com.tr\/tr\/wp-json\/wp\/v2\/categories?post=10213"},{"taxonomy":"post_tag","embeddable":true,"href":"https:\/\/www.fikrialem.com.tr\/tr\/wp-json\/wp\/v2\/tags?post=10213"}],"curies":[{"name":"wp","href":"https:\/\/api.w.org\/{rel}","templated":true}]}}